{"id":4252,"date":"2025-09-20T11:52:54","date_gmt":"2025-09-20T09:52:54","guid":{"rendered":"https:\/\/hajkon.sk\/?p=4252"},"modified":"2025-09-20T12:50:33","modified_gmt":"2025-09-20T10:50:33","slug":"klimatizacio-futes-komarom","status":"publish","type":"post","link":"https:\/\/hajkon.sk\/hu\/blog\/klimatizacio-futes-komarom\/","title":{"rendered":"\u201eNapi 50 cent, \u00e9s kif\u0171t\u00f6d vele az eg\u00e9sz h\u00e1zat?\u201d \u2013 \u00cdgy takar\u00edtanak meg sz\u00e1zakat a kom\u00e1romi csal\u00e1dok \u00e9s v\u00e1llalkoz\u00f3k modern kl\u00edm\u00e1val"},"content":{"rendered":"\t\t<div data-elementor-type=\"wp-post\" data-elementor-id=\"4252\" class=\"elementor elementor-4252 elementor-4247\" data-elementor-post-type=\"post\">\n\t\t\t\t<div class=\"elementor-element elementor-element-f5378dc e-flex e-con-boxed e-con e-parent\" data-id=\"f5378dc\" data-element_type=\"container\">\n\t\t\t\t\t<div class=\"e-con-inner\">\n\t\t\t\t<div class=\"elementor-element elementor-element-fb3174e elementor-widget elementor-widget-text-editor\" data-id=\"fb3174e\" data-element_type=\"widget\" data-widget_type=\"text-editor.default\">\n\t\t\t\t\t\t\t\t\t<p class=\"p1\"><b>\u00a0 \u00a0<a href=\"https:\/\/hajkon.sk\/hu\/elerhetosegunk\/\">Kom\u00e1romban<\/a> \u00e9s k\u00f6rny\u00e9k\u00e9n egyre t\u00f6bben d\u00f6ntenek \u00fagy, hogy lecser\u00e9lik a r\u00e9gi f\u0171t\u00e9s\u00fcket \u2013 de nem kaz\u00e1nra, hanem kl\u00edm\u00e1ra. Meglep\u0151? Pedig egy modern kl\u00edma ma m\u00e1r nem luxus, hanem a leggazdas\u00e1gosabb f\u0171t\u00e9si alternat\u00edva.<\/b><\/p><h3 class=\"p2\"><b>\u00a0 \u00a0Egy eszk\u00f6z \u2013 k\u00e9t \u00e9vszak: t\u00e9len f\u0171t, ny\u00e1ron h\u0171t<\/b><\/h3><p class=\"p1\">\u00a0 \u00a0A mai h\u0171t\u0151-f\u0171t\u0151 kl\u00edm\u00e1k teljes\u00e9rt\u00e9k\u0171 megold\u00e1st k\u00edn\u00e1lnak h\u00e1ztart\u00e1sok \u00e9s kisebb irod\u00e1k sz\u00e1m\u00e1ra is. T\u00e9len hat\u00e9konyan \u00e9s meglep\u0151en olcs\u00f3n f\u0171tenek, ny\u00e1ron pedig kellemes h\u0151m\u00e9rs\u00e9kletet biztos\u00edtanak.<\/p><h3><b>\u00a0 \u00a0Mennyibe ker\u00fcl a f\u0171t\u00e9s <a href=\"https:\/\/hajkon.sk\/hu\/klimaberendezesek-beuzemelese-es-szervizelese\/\">kl\u00edm\u00e1val<\/a>?<\/b><b><\/b><\/h3><p class=\"p3\">\u00a0 \u00a0Napi <b>kb. 50 cent<\/b> (azaz ~15 eur\u00f3\/h\u00f3) egy kisebb lak\u00e1s kif\u0171t\u00e9se \u2013 ez kevesebb, mint egy villanyradi\u00e1tor vagy h\u0151sug\u00e1rz\u00f3 fogyaszt\u00e1sa.<\/p><ul class=\"ul1\"><li class=\"li1\"><b>Mi\u00e9rt?<\/b><b><\/b><\/li><\/ul><p class=\"p3\">\u00a0 \u00a0Mert egy modern, inverteres kl\u00edma <i>nem f\u0171t\u00e9si elven<\/i> m\u0171k\u00f6dik, hanem <b>a k\u00f6rnyezet h\u0151energi\u00e1j\u00e1t hasznos\u00edtja<\/b>. Ez\u00e9rt lehet 3-4-szer hat\u00e9konyabb, mint a klasszikus elektromos f\u0171t\u00e9s.<\/p><ul class=\"ul1\"><li class=\"li1\"><b>Van napelem a h\u00e1zon?<\/b><b><\/b><\/li><\/ul><p class=\"p3\">\u00a0 \u00a0M\u00e9g jobb \u2013 \u00edgy ak\u00e1r <i>null\u00e1ra is reduk\u00e1lhatod a f\u0171t\u00e9si k\u00f6lts\u00e9geket<\/i><i><\/i><\/p>\t\t\t\t\t\t\t\t<\/div>\n\t\t\t\t<div class=\"elementor-element elementor-element-b8a5cb6 elementor-widget elementor-widget-text-editor\" data-id=\"b8a5cb6\" data-element_type=\"widget\" data-widget_type=\"text-editor.default\">\n\t\t\t\t\t\t\t\t\t<h3>\u00a0<\/h3><h3 class=\"p1\"><b>\u00a0 \u00a0B2B megold\u00e1s <a href=\"https:\/\/hajkon.sk\/hu\/elerhetosegunk\/\">c\u00e9geknek<\/a>:<\/b><\/h3><h4 class=\"p1\"><b>\u00a0 \u00a0 \u00a0f\u0171t\u00e9s <a href=\"https:\/\/hajkon.sk\/hu\/klimaberendezesek-beuzemelese-es-szervizelese\/\">kl\u00edm\u00e1val<\/a> = sp\u00f3rol\u00e1s + ad\u00f3optimaliz\u00e1l\u00e1s<\/b><\/h4><p class=\"p2\">\u00a0 \u00a0Sokan nem tudj\u00e1k, de a modern kl\u00edma <b>irodai vagy \u00fczlethelyis\u00e9gi f\u0171t\u00e9sre is ide\u00e1lis<\/b> \u2013 k\u00fcl\u00f6n\u00f6sen Kom\u00e1rom k\u00f6rny\u00e9k\u00e9n, ahol a telek enyh\u00e9bbek. Egy j\u00f3l m\u00e9retezett berendez\u00e9s:<\/p><ul class=\"ul1\"><li class=\"li2\">20\u201340 m\u00b2-es \u00fczletet vagy irod\u00e1t teljesen kif\u0171t,<\/li><li class=\"li2\">minim\u00e1lis fogyaszt\u00e1ssal,<\/li><li class=\"li2\"><b>ak\u00e1r 5 \u00e9v garanci\u00e1val<\/b> \u00e9s<\/li><li class=\"li2\">gyors, 1\u20132 napos telep\u00edt\u00e9ssel.<br \/><br \/><\/li><\/ul><p class=\"p2\"><b>\u00a0 \u00a0\u00c9s ami m\u00e9g jobb:<\/b> v\u00e1llalkoz\u00e1sk\u00e9nt ezt a beruh\u00e1z\u00e1st <b>le\u00edrhatod az ad\u00f3b\u00f3l<\/b>, mik\u00f6zben az \u00e1ramon is sp\u00f3rolsz.<\/p>\t\t\t\t\t\t\t\t<\/div>\n\t\t\t\t<div class=\"elementor-element elementor-element-ee6f275 elementor-widget elementor-widget-text-editor\" data-id=\"ee6f275\" data-element_type=\"widget\" data-widget_type=\"text-editor.default\">\n\t\t\t\t\t\t\t\t\t<h2>\u00a0<\/h2><h2 class=\"p1\" style=\"text-align: center;\"><b>\u00a0 \u00a0 A <a href=\"https:\/\/hajkon.sk\/hu\/klimaberendezesek-beuzemelese-es-szervizelese\/\">kl\u00edmav\u00e1laszt\u00e1s<\/a> 3 legfontosabb\u00a0 \u00a0 \u00a0 \u00a0 szab\u00e1lya<br \/><\/b><\/h2><p class=\"p1\"><b>\u00a0 \u00a01. Ne v\u00e1lassz t\u00fal nagy g\u00e9pet<br \/><\/b><b><\/b>\u00a0 \u00a0T\u00e9vhitek ellen\u00e9re a \u201emin\u00e9l nagyobb, ann\u00e1l jobb\u201d nem igaz. A t\u00falm\u00e9retezett kl\u00edma gyakran kapcsol ki-be, nem tartja a h\u0151m\u00e9rs\u00e9kletet egyenletesen, zajosabb \u00e9s t\u00f6bbet fogyaszt.<\/p><p class=\"p1\"><b>\u00a0 \u00a02. Figyelj a hat\u00e9konys\u00e1gra (SCOP, SEER)<br \/><\/b><b><\/b>\u00a0 \u00a0A j\u00f3 kl\u00edma hat\u00e1sfoka (f\u0171t\u00e9s SCOP, h\u0171t\u00e9s SEER) legal\u00e1bb 4 felett legyen. Ez azt jelenti, hogy 1 kW energi\u00e1b\u00f3l 4 kW h\u0151energi\u00e1t \u00e1ll\u00edt el\u0151.<\/p><p class=\"p1\"><b>\u00a0 \u00a03. Gondolkodj hossz\u00fa t\u00e1von<br \/><\/b><b><\/b>\u00a0 \u00a0Ha nem csak ny\u00e1ron szeretn\u00e9d haszn\u00e1lni, v\u00e1lassz <b>f\u0171t\u00e9sre optimaliz\u00e1lt<\/b> k\u00e9sz\u00fcl\u00e9ket (pl. -15 \u00b0C-ig garant\u00e1lt hat\u00e9konys\u00e1g), \u00e9s tervezz <b>\u00e9ves karbantart\u00e1ssal<\/b>, hogy meg\u0151rizze teljes\u00edtm\u00e9ny\u00e9t.<\/p><p>\u00a0<\/p><h3 class=\"p3\"><b>\u00a0 \u00a0Kinek aj\u00e1nlott a f\u0171t\u0151 <a href=\"https:\/\/hajkon.sk\/hu\/klimaberendezesek-beuzemelese-es-szervizelese\/\">kl\u00edma<\/a>?<\/b><\/h3><ul class=\"ul1\"><li class=\"li1\"><b>H\u00e1zak, lak\u00e1sok tulajdonosainak<\/b>, akik sp\u00f3rolni szeretn\u00e9nek<\/li><li class=\"li1\"><b>Panelh\u00e1zak lak\u00f3inak<\/b>, akik nem szab\u00e1lyozhatj\u00e1k a k\u00f6zponti f\u0171t\u00e9st<\/li><li class=\"li1\"><b>V\u00e1llalkoz\u00f3knak<\/b>, akik kis irod\u00e1t vagy \u00fczletet f\u0171tenek<\/li><li class=\"li1\"><b>Nyugd\u00edjasoknak<\/b>, akik szob\u00e1nk\u00e9nti megold\u00e1st keresnek<\/li><li class=\"li1\"><b>Airbnb- \u00e9s apartmantulajdonosoknak<\/b>, akik vend\u00e9gek ut\u00e1n f\u0171tenek<\/li><\/ul><p>\u00a0<\/p><h3 class=\"p4\"><b>\u00a0 \u00a0Mi\u00e9rt pont <a href=\"https:\/\/hajkon.sk\/hu\/elerhetosegunk\/\">Kom\u00e1romban<\/a> a legjobb d\u00f6nt\u00e9s?<\/b><\/h3><p class=\"p1\">\u00a0 \u00a0Kom\u00e1rom \u00e9s k\u00f6rny\u00e9ke (\u00d3gyalla, Marcelh\u00e1za, Naszvad, Het\u00e9ny, G\u00fata, P\u00e1rk\u00e1ny stb.) \u00e9vek \u00f3ta enyh\u00e9bb teleket \u00e9l meg. Ez\u00e9rt egy modern kl\u00edm\u00e1val:<\/p><ul class=\"ul1\"><li class=\"li1\">nem kell g\u00e1zh\u00e1l\u00f3zatra csatlakozni,<\/li><li class=\"li1\"><b>villanyr\u00f3l gazdas\u00e1gosan f\u0171thetsz<\/b>,<\/li><li class=\"li1\">\u00e9s nem mindig kell teljes rendszert ki\u00e9p\u00edteni \u2013 <i>csak 1 k\u00e9sz\u00fcl\u00e9k el\u00e9g<\/i>.<\/li><\/ul><p>\u00a0<\/p><h3 class=\"p3\"><b>\u00a0 \u00a0Megt\u00e9r\u00fcl\u00e9s: mennyit lehet sp\u00f3rolni?<\/b><\/h3><p class=\"p1\">\u00a0 \u00a0Egy korszer\u0171, j\u00f3l m\u00e9retezett kl\u00edma:<\/p><ul class=\"ul1\"><li class=\"li1\">\u00e9ves szinten <b>ak\u00e1r 30\u201340%-kal cs\u00f6kkentheti<\/b> a f\u0171t\u00e9ssz\u00e1ml\u00e1t,<\/li><li class=\"li1\">egy <b>40\u201360 m\u00b2-es lak\u00e1s<\/b> eset\u00e9n kb. <b>egy szezon alatt megt\u00e9r\u00fclhet<\/b>,<\/li><li class=\"li1\">\u00e9s <b>minim\u00e1lis karbantart\u00e1ssal<\/b> hossz\u00fa t\u00e1von m\u0171k\u00f6dik.<\/li><\/ul><p>\u00a0<\/p><h3 class=\"p3\"><b>\u00a0 Telep\u00edt\u00e9s: gyors, korrekt, <a href=\"https:\/\/hajkon.sk\/hu\/elerhetosegunk\/\">HajkON<\/a> m\u00f3dra<\/b><\/h3><p class=\"p1\">\u00a0 \u00a0A <b>HajkON<\/b> Kom\u00e1rom \u00e9s k\u00f6rny\u00e9k\u00e9nek egyik legismertebb kl\u00edmaszerel\u0151 csapata, akik:<\/p><p class=\"p1\"><span class=\"s2\">\u00a0 \u00a0\u2705<\/span> seg\u00edtenek kiv\u00e1lasztani a megfelel\u0151 kl\u00edm\u00e1t<\/p><p class=\"p1\"><span class=\"s2\">\u00a0 \u00a0\u2705<\/span> korrekt \u00e1ron dolgoznak<\/p><p class=\"p1\"><span class=\"s2\">\u00a0 \u00a0\u2705<\/span> nem hagynak koszt maguk ut\u00e1n<\/p><p class=\"p1\"><span class=\"s2\">\u00a0 \u00a0\u2705<\/span> \u00e9s ut\u00f3gondoz\u00e1st is v\u00e1llalnak (karbantart\u00e1s, tan\u00e1csad\u00e1s)<\/p><h3>\u00a0<\/h3><h3 class=\"p3\"><b>\u00a0 \u00a0<a href=\"https:\/\/hajkon.sk\/hu\/elerhetosegunk\/\">GYIK<\/a> \u2013 Amit gyakran k\u00e9rdeznek<\/b><\/h3><p class=\"p1\"><b>\u00a0 \u00a0Mi\u00e9rt \u00e9ri meg <a href=\"https:\/\/hajkon.sk\/hu\/klimaberendezesek-beuzemelese-es-szervizelese\/\">kl\u00edm\u00e1val<\/a> f\u0171teni?<br \/><\/b>Mert alacsonyabb a fogyaszt\u00e1sa, mint a legt\u00f6bb elektromos f\u0171t\u00e9snek \u2013 \u00e9s ny\u00e1ron is haszn\u00e1lhat\u00f3.<\/p><p class=\"p1\"><b>\u00a0 \u00a0Lehet kl\u00edm\u00e1t ut\u00f3lag is felszerelni?<br \/><\/b><b><\/b>Igen, ak\u00e1r bont\u00e1s n\u00e9lk\u00fcl is, p\u00e9ld\u00e1ul oldalfali split kl\u00edm\u00e1val.<\/p><p class=\"p1\"><b>\u00a0 \u00a0Val\u00f3ban megt\u00e9r\u00fcl?<br \/><\/b><b><\/b>Igen, sok kom\u00e1romi \u00fcgyf\u00e9lnek m\u00e1r <b>1 t\u00e9len bel\u00fcl visszahozta az \u00e1r\u00e1t.<\/b><b><\/b><\/p><p class=\"p1\"><b>\u00a0 \u00a0Mennyi ideig tart a szerel\u00e9s?<br \/><\/b><b><\/b>1-2 nap, \u00e9s m\u00e1r \u00e9lvezheted is a komfortos meleget.<\/p><p>\u00a0<\/p><p>\u00a0<\/p><h3 class=\"p3\" style=\"text-align: center;\"><b>\u00a0 \u00a0K\u00e9szen \u00e1llsz sp\u00f3rolni?\u00a0<\/b><\/h3><h5 class=\"p1\" style=\"text-align: center;\">Ne v\u00e1rd meg a f\u0171t\u00e9sszezont \u2013 <b>keresd a HajkON-t<\/b>, hogy m\u00e9g id\u0151ben beszerelhess\u00fck az \u00faj kl\u00edm\u00e1dat!<\/h5><h5 class=\"p2\" style=\"text-align: center;\"><b>Keress minket bizalommal, ha <a href=\"https:\/\/hajkon.sk\/hu\/elerhetosegunk\/\">profi kl\u00edmaszerel\u0151t keresel<\/a> Kom\u00e1rom, P\u00e1rk\u00e1ny, Pozsony \u00e9s k\u00f6rny\u00e9k\u00e9n!<\/b><b><\/b><\/h5><h5 class=\"p2\" style=\"text-align: center;\"><b>Tan\u00e1csad\u00e1s \u2013 Szerel\u00e9s \u2013 Karbantart\u00e1s<\/b> egy helyen.<\/h5><h5 class=\"p2\" style=\"text-align: center;\"><b><a href=\"https:\/\/hajkon.sk\/hu\/elerhetosegunk\/\">HajkON<\/a> \u2013 Ahol a szak\u00e9rtelem \u00e9s a megb\u00edzhat\u00f3s\u00e1g tal\u00e1lkozik!<\/b><b><\/b><\/h5><h6 class=\"p1\" style=\"text-align: center;\">Kl\u00edmaszerel\u00e9s Kom\u00e1rom | HajkON<\/h6><p>\u00a0<\/p><p>\u00a0<\/p><p>\u00a0<\/p><h3 class=\"p1\"><span class=\"s1\">\u00a0 \u00a0Mi\u00e9rt v\u00e1lassz minket?<\/span><\/h3><p class=\"p1\">\u00a0 \u00a0 \u00a0Tudjuk, hogy a\u00a0megfelel\u0151 villanyszerel\u0151 kiv\u00e1laszt\u00e1sa nem k\u00f6nny\u0171 feladat. \u00c9ppen ez\u00e9rt c\u00e9lunk, hogy ne csak professzion\u00e1lis szolg\u00e1ltat\u00e1st ny\u00fajtsunk, hanem bizalmat is \u00e9p\u00edts\u00fcnk \u00fcgyfeleink fel\u00e9. \u00cdme n\u00e9h\u00e1ny ok, ami\u00e9rt \u00e9rdemes minket v\u00e1lasztanod:<\/p><p class=\"p1\"><strong>\u00a0 \u2013 T\u00f6bb mint 10 \u00e9v\u00a0tapasztalat:<\/strong>\u00a0Az \u00e9vek sor\u00e1n sz\u00e1mtalan projektben vett\u00fcnk r\u00e9szt, a\u00a0lakoss\u00e1gi kisebb munk\u00e1kt\u00f3l az ipari m\u00e9ret\u0171 telep\u00edt\u00e9sekig. J\u00f3l ismerj\u00fck\u00a0Kom\u00e1rom \u00e9s\u00a0k\u00f6rny\u00e9ke elektromos h\u00e1l\u00f3zatait, \u00edgy gyorsan \u00e9s\u00a0prec\u00edzen dolgozunk.<br \/><strong>\u00a0 \u2013 Enged\u00e9lyezett villanyszerel\u0151:<\/strong>\u00a0Kom\u00e1romban: Az \u00f6sszes sz\u00fcks\u00e9ges enged\u00e9llyel rendelkez\u00fcnk, \u00edgy biztos lehetsz benne, hogy a\u00a0munka szakszer\u0171en \u00e9s\u00a0biztons\u00e1gosan t\u00f6rt\u00e9nik.<br \/><strong>\u00a0 \u2013 Szem\u00e9lyre szabott megold\u00e1sok:<\/strong>\u00a0Nem l\u00e9tezik k\u00e9t egyforma \u00fcgyf\u00e9l, \u00e9ppen ez\u00e9rt mindig az egy\u00e9ni ig\u00e9nyeket vessz\u00fck\u00a0figyelembe. Legyen sz\u00f3 ak\u00e1r egy egyszer\u0171 konnektor cser\u00e9r\u0151l, vagy egy teljes elektromos h\u00e1l\u00f3zat ki\u00e9p\u00edt\u00e9s\u00e9r\u0151l, r\u00e1nk sz\u00e1m\u00edthatsz.<br \/><strong>\u00a0 \u2013 Garancia \u00e9s\u00a0min\u0151s\u00e9gbiztos\u00edt\u00e1s:<\/strong>\u00a0Nemcsak elv\u00e9gezz\u00fck\u00a0a\u00a0munk\u00e1t, hanem biztos\u00edtjuk is, hogy hossz\u00fa t\u00e1von is megb\u00edzhat\u00f3 legyen. Minden munk\u00e1nk ut\u00e1n garanci\u00e1t v\u00e1llalunk, \u00edgy nyugodtan r\u00e1nk b\u00edzhatod otthonod vagy v\u00e1llalkoz\u00e1sod elektromos rendszer\u00e9t.<br \/><strong>\u00a0 \u2013 Gyors \u00e9s\u00a0megb\u00edzhat\u00f3 szolg\u00e1ltat\u00e1s:<\/strong>\u00a0S\u00fcrg\u0151s\u00a0probl\u00e9m\u00e1d van? H\u00edvj minket bizalommal! Ak\u00e1r azonnali hibaelh\u00e1r\u00edt\u00e1st is v\u00e1llalunk, \u00edgy nem kell napokat v\u00e1rnod a\u00a0jav\u00edt\u00e1sra.<\/p><h3>\u00a0<\/h3><h3 class=\"p1\">\u00a0 Szolg\u00e1ltat\u00e1saink:<\/h3><p class=\"p1\">\u00a0 A\u00a0lakoss\u00e1gi \u00e9s\u00a0ipari villanyszerel\u00e9s\u00a0ter\u00fclet\u00e9n sz\u00e9lesk\u00f6r\u0171 szolg\u00e1ltat\u00e1sokat k\u00edn\u00e1lunk Kom\u00e1romban \u00e9s\u00a0k\u00f6rny\u00e9k\u00e9n:<\/p><ul><li class=\"p1\"><strong>Elektromos<\/strong>\u00a0h\u00e1l\u00f3zat ki\u00e9p\u00edt\u00e9se \u00e9s fel\u00faj\u00edt\u00e1sa<\/li><li class=\"p1\"><strong>Konnektorok<\/strong>\u00a0biztos\u00edt\u00e9kt\u00e1bl\u00e1k \u00e9s villanykapcsol\u00f3k cser\u00e9je<\/li><li class=\"p1\"><strong>Biztons\u00e1gi<\/strong>\u00a0vil\u00e1g\u00edt\u00e1s telep\u00edt\u00e9se<\/li><li class=\"p1\"><strong>T\u00falfesz\u00fclts\u00e9g<\/strong>-v\u00e9delem \u00e9s \u00e9rint\u00e9sv\u00e9delmi fel\u00fclvizsg\u00e1lat<\/li><li class=\"p1\"><strong>Gyors hibajav\u00edt\u00e1s<\/strong>\u00a0\u00e9s s\u00fcrg\u0151ss\u00e9gi villanyszerel\u00e9s<\/li><\/ul><p class=\"p1\">\u00a0 Mindegyik munk\u00e1nkat a\u00a0legmagasabb szakmai sz\u00ednvonalon v\u00e9gezz\u00fck, legyen sz\u00f3 ak\u00e1r kisebb lakoss\u00e1gi jav\u00edt\u00e1sokr\u00f3l, ak\u00e1r nagyobb ipari telep\u00edt\u00e9sekr\u0151l.<\/p><h3>\u00a0<\/h3><h3 class=\"p1\"><a href=\"https:\/\/hajkon.sk\/hu\/elerhetosegunk\/\"><b>\u00a0 L\u00e9pj kapcsolatba vel\u00fcnk!<\/b><\/a><\/h3><p class=\"p1\"><strong>\u00a0 Ha meguntad a\u00a0kellemetlen meglepet\u00e9seket \u00e9s\u00a0val\u00f3ban megb\u00edzhat\u00f3 villanyszerel\u0151t keresel, ne habozz kapcsolatba l\u00e9pni vel\u00fcnk. Ak\u00e1r egy kis projektre van sz\u00fcks\u00e9ged, ak\u00e1r ipari munk\u00e1latokat v\u00e9gezn\u00e9l, mi k\u00e9szen \u00e1llunk seg\u00edteni.<\/strong><\/p><p><strong>\u00a0 \ud83d\udcde Telefon:\u00a0<a href=\"call:+421902186990\">+421 902 186 990<\/a><br \/><\/strong><strong>\u00a0 \ud83d\udce7 E-mail:\u00a0<a href=\"mailto:hajkon@hajkon.sk\">hajkon@hajkon.sk<\/a><br \/><\/strong><strong>\u00a0 \ud83c\udf10 Weboldal:\u00a0<a href=\"http:\/\/www.hajkon.sk\/\">www.hajkon.sk<\/a><\/strong><\/p><p><strong>\u00a0<\/strong><\/p><h3><strong>Csak egy ingyenes konzult\u00e1ci\u00f3 v\u00e1laszt el att\u00f3l, hogy v\u00e9gre megtapasztald, milyen egy igaz\u00e1n professzion\u00e1lis villanyszerel\u0151 csapattal dolgozni. Tudj meg t\u00f6bbet, \u00e9s\u00a0<a href=\"https:\/\/hajkon.sk\/hu\/elerhetosegunk\/\">k\u00e9rj aj\u00e1nlatot<\/a>\u00a0m\u00e9g ma!<\/strong><\/h3><h4>\u00a0<\/h4>\t\t\t\t\t\t\t\t<\/div>\n\t\t\t\t\t<\/div>\n\t\t\t\t<\/div>\n\t\t\t\t<\/div>\n\t\t","protected":false},"excerpt":{"rendered":"<p>\u00a0 \u00a0Kom\u00e1romban \u00e9s k\u00f6rny\u00e9k\u00e9n egyre t\u00f6bben d\u00f6ntenek \u00fagy, hogy lecser\u00e9lik a r\u00e9gi f\u0171t\u00e9s\u00fcket \u2013 de nem kaz\u00e1nra, hanem kl\u00edm\u00e1ra. Meglep\u0151? Pedig egy modern kl\u00edma ma m\u00e1r nem luxus, hanem a leggazdas\u00e1gosabb f\u0171t\u00e9si alternat\u00edva. \u00a0 \u00a0Egy eszk\u00f6z \u2013 k\u00e9t \u00e9vszak: t\u00e9len f\u0171t, ny\u00e1ron h\u0171t \u00a0 \u00a0A mai h\u0171t\u0151-f\u0171t\u0151 kl\u00edm\u00e1k teljes\u00e9rt\u00e9k\u0171 megold\u00e1st k\u00edn\u00e1lnak h\u00e1ztart\u00e1sok \u00e9s kisebb irod\u00e1k [&hellip;]<\/p>\n","protected":false},"author":4,"featured_media":3816,"comment_status":"open","ping_status":"open","sticky":false,"template":"","format":"standard","meta":{"footnotes":""},"categories":[32],"tags":[52],"class_list":["post-4252","post","type-post","status-publish","format-standard","has-post-thumbnail","hentry","category-legkondicionalok","tag-klimatizacio-hu"],"_links":{"self":[{"href":"https:\/\/hajkon.sk\/hu\/wp-json\/wp\/v2\/posts\/4252","targetHints":{"allow":["GET"]}}],"collection":[{"href":"https:\/\/hajkon.sk\/hu\/wp-json\/wp\/v2\/posts"}],"about":[{"href":"https:\/\/hajkon.sk\/hu\/wp-json\/wp\/v2\/types\/post"}],"author":[{"embeddable":true,"href":"https:\/\/hajkon.sk\/hu\/wp-json\/wp\/v2\/users\/4"}],"replies":[{"embeddable":true,"href":"https:\/\/hajkon.sk\/hu\/wp-json\/wp\/v2\/comments?post=4252"}],"version-history":[{"count":14,"href":"https:\/\/hajkon.sk\/hu\/wp-json\/wp\/v2\/posts\/4252\/revisions"}],"predecessor-version":[{"id":4303,"href":"https:\/\/hajkon.sk\/hu\/wp-json\/wp\/v2\/posts\/4252\/revisions\/4303"}],"wp:featuredmedia":[{"embeddable":true,"href":"https:\/\/hajkon.sk\/hu\/wp-json\/wp\/v2\/media\/3816"}],"wp:attachment":[{"href":"https:\/\/hajkon.sk\/hu\/wp-json\/wp\/v2\/media?parent=4252"}],"wp:term":[{"taxonomy":"category","embeddable":true,"href":"https:\/\/hajkon.sk\/hu\/wp-json\/wp\/v2\/categories?post=4252"},{"taxonomy":"post_tag","embeddable":true,"href":"https:\/\/hajkon.sk\/hu\/wp-json\/wp\/v2\/tags?post=4252"}],"curies":[{"name":"wp","href":"https:\/\/api.w.org\/{rel}","templated":true}]}}