{"id":4130,"date":"2025-04-29T18:11:19","date_gmt":"2025-04-29T16:11:19","guid":{"rendered":"https:\/\/hajkon.sk\/?p=4130"},"modified":"2025-04-29T18:30:27","modified_gmt":"2025-04-29T16:30:27","slug":"hogyan-valassz-klimat","status":"publish","type":"post","link":"https:\/\/hajkon.sk\/hu\/blog\/hogyan-valassz-klimat\/","title":{"rendered":"Hogyan v\u00e1lassz kl\u00edm\u00e1t? \u2013 A ny\u00e1ri h\u0171s megold\u00e1sok k\u00e9zik\u00f6nyve Kom\u00e1romt\u00f3l Pozsonyig"},"content":{"rendered":"\t\t<div data-elementor-type=\"wp-post\" data-elementor-id=\"4130\" class=\"elementor elementor-4130 elementor-4104\" data-elementor-post-type=\"post\">\n\t\t\t\t<div class=\"elementor-element elementor-element-34f8d24 e-flex e-con-boxed e-con e-parent\" data-id=\"34f8d24\" data-element_type=\"container\">\n\t\t\t\t\t<div class=\"e-con-inner\">\n\t\t\t\t<div class=\"elementor-element elementor-element-6c16c07 elementor-widget elementor-widget-text-editor\" data-id=\"6c16c07\" data-element_type=\"widget\" data-widget_type=\"text-editor.default\">\n\t\t\t\t\t\t\t\t\t<h3 class=\"p1\"><b>\u00a0 \u00a0Hogyan v\u00e1lassz <a href=\"https:\/\/hajkon.sk\/hu\/klimaberendezesek-beuzemelese-es-szervizelese\/\">kl\u00edm\u00e1t<\/a>? <\/b><\/h3><p class=\"p1\">\u00a0 \u00a0Kint tombol a ny\u00e1r, bent viszont kellemes, h\u0171v\u00f6s leveg\u0151 kering \u2013 \u00edgy n\u00e9zne ki az ide\u00e1lis otthon. De ehhez el\u0151sz\u00f6r meg kell tal\u00e1lni <b>a t\u00f6k\u00e9letes <a href=\"https:\/\/hajkon.sk\/hu\/klimaberendezesek-beuzemelese-es-szervizelese\/\">kl\u00edm\u00e1t<\/a><\/b>.<br \/>Mi, a <b><a href=\"https:\/\/hajkon.sk\/hu\/elerhetosegunk\/\">HajkON<\/a> villanyszerel\u0151 csapata<\/b> nap mint nap tal\u00e1lkozunk olyan k\u00e9rd\u00e9sekkel, hogy <b>hogyan v\u00e1lasszak kl\u00edm\u00e1t?<\/b> Milyen legyen? <b><a href=\"https:\/\/hajkon.sk\/hu\/klimaberendezesek-beuzemelese-es-szervizelese\/\">WindFree kl\u00edma<\/a>? <a href=\"https:\/\/hajkon.sk\/hu\/klimaberendezesek-beuzemelese-es-szervizelese\/\">Inverteres<\/a>?<\/b> \u00c9s mi\u00e9rt nem j\u00f3, ha \u201enagyobbat veszek, biztos, ami biztos\u201d?<\/p><p class=\"p1\">Most minden k\u00e9rd\u00e9sedre v\u00e1laszolunk!<\/p><h3>\u00a0<\/h3><h3 class=\"p3\"><b>\u00a0 \u00a0A nagy <a href=\"https:\/\/hajkon.sk\/hu\/klimaberendezesek-beuzemelese-es-szervizelese\/\">kl\u00edma-t\u00e9vhitek<\/a><\/b><\/h3><h4 class=\"p4\"><b>\u00a0 \u00a0\u201eMin\u00e9l nagyobb, ann\u00e1l jobb?\u201d<\/b><\/h4><p class=\"p1\">\u00a0 \u00a0Ez az egyik leggyakoribb f\u00e9lre\u00e9rt\u00e9s. Sokan \u00fagy gondolj\u00e1k, hogy ha er\u0151sebb kl\u00edm\u00e1t v\u00e1lasztanak, gyorsabban leh\u0171l a szoba. <b>De a <a href=\"https:\/\/hajkon.sk\/hu\/klimaberendezesek-beuzemelese-es-szervizelese\/\">t\u00falm\u00e9retezett kl\u00edma<\/a> folyamatosan ki-be kapcsol<\/b>, ami nemcsak zavar\u00f3 (zajos), de energiafal\u00f3 is. \u00c9s nem tartja stabilan a h\u0151m\u00e9rs\u00e9kletet sem.<\/p><h4>\u00a0<\/h4><h4 class=\"p1\"><b>\u00a0 \u00a0Mit csin\u00e1l j\u00f3l egy megfelel\u0151 <a href=\"https:\/\/hajkon.sk\/hu\/klimaberendezesek-beuzemelese-es-szervizelese\/\">kl\u00edma<\/a>?<\/b><b><\/b><\/h4><ul class=\"ul1\"><li class=\"li1\">Csendesen teszi a dolg\u00e1t<\/li><li class=\"li1\">Egyenletes h\u0151m\u00e9rs\u00e9kletet biztos\u00edt<\/li><li class=\"li1\"><b>Gazdas\u00e1gosan m\u0171k\u00f6dik<\/b> \u2013 nem ugrik meg a villanysz\u00e1mla!<\/li><\/ul>\t\t\t\t\t\t\t\t<\/div>\n\t\t\t\t<div class=\"elementor-element elementor-element-1525b89 elementor-widget elementor-widget-text-editor\" data-id=\"1525b89\" data-element_type=\"widget\" data-widget_type=\"text-editor.default\">\n\t\t\t\t\t\t\t\t\t<p>\u00a0<\/p><h2 class=\"p1\"><b>\u00a0 \u00a0Mekkora <a href=\"https:\/\/hajkon.sk\/hu\/klimaberendezesek-beuzemelese-es-szervizelese\/\">teljes\u00edtm\u00e9ny\u0171 kl\u00edm\u00e1t<\/a> v\u00e1lasszak?<\/b><\/h2><p class=\"p2\">\u00a0 \u00a0Ez a <b>kl\u00edmav\u00e1laszt\u00e1s<\/b> alf\u00e1ja \u00e9s omeg\u00e1ja. Itt egy egyszer\u0171 \u00f6k\u00f6lszab\u00e1ly:<\/p><ul class=\"ul1\"><li class=\"li2\"><b>10 m\u00b2 szob\u00e1ra kb. 1 kW h\u0171t\u0151teljes\u00edtm\u00e9ny<\/b> sz\u00fcks\u00e9ges.<\/li><li class=\"li2\">Teh\u00e1t egy <b>20 m\u00b2 szob\u00e1ba 2 kW<\/b>-os kl\u00edma az ide\u00e1lis.<\/li><\/ul><p class=\"p2\"><b>\u00a0 \u00a0De figyelem!<\/b> Ha sok az ablak, tet\u0151t\u00e9ri a helyis\u00e9g, vagy rossz a szigetel\u00e9s, ez a sz\u00e1m n\u00f6vekedhet. Persze nem kell minden szob\u00e1ba k\u00fcl\u00f6n egys\u00e9g! Egy j\u00f3l elhelyezett <a href=\"https:\/\/hajkon.sk\/hu\/klimaberendezesek-beuzemelese-es-szervizelese\/\">belt\u00e9ri kl\u00edma<\/a> eset\u00e9ben <b>\u00e1t\u00e1ramlik a leveg\u0151t<\/b> t\u00f6bb helyis\u00e9gen kereszt\u00fcl is. (Mi is \u00edgy tervezz\u00fck meg.)<\/p><h2>\u00a0<\/h2><h2 class=\"p1\"><b>\u00a0 \u00a0<a href=\"https:\/\/hajkon.sk\/hu\/klimaberendezesek-beuzemelese-es-szervizelese\/\">Inverteres kl\u00edma<\/a> \u2013 mi\u00e9rt ez az alap?<\/b><\/h2><p class=\"p2\">\u00a0 \u00a0Az <b>inverteres kl\u00edma<\/b> nem kapcsolgat ki-be, mint a r\u00e9gi on\/off rendszerek. Ink\u00e1bb olyan, mint egy j\u00f3l be\u00e1ll\u00edtott g\u00e1zt\u0171zhely: ha el\u00e9ri a k\u00edv\u00e1nt h\u0151fokot, visszavesz, de folyamatosan tartja a szintet.<\/p><p class=\"p2\"><b>\u00a0 \u00a0El\u0151nyei:<\/b><b><\/b><\/p><ul class=\"ul1\"><li class=\"li2\"><b>Energiatakar\u00e9kos<\/b> (ak\u00e1r 30-50%-kal kevesebb fogyaszt\u00e1s)<\/li><li class=\"li2\">Halk m\u0171k\u00f6d\u00e9s \u2013 <b>ide\u00e1lis h\u00e1l\u00f3szob\u00e1ba is<\/b><b><\/b><\/li><li class=\"li2\">Prec\u00edz h\u0151m\u00e9rs\u00e9klet-szab\u00e1lyoz\u00e1s<\/li><\/ul><p class=\"p2\">\u00a0 \u00a0Tudtad? Ma m\u00e1r szinte <b>minden <a href=\"https:\/\/hajkon.sk\/hu\/klimaberendezesek-beuzemelese-es-szervizelese\/\">modern kl\u00edma inverteres<\/a><\/b>, \u00e9s sok k\u00f6z\u00fcl\u00fck <b>okostelefonr\u00f3l is vez\u00e9relhet\u0151<\/b>.<\/p><h2>\u00a0<\/h2><h2 class=\"p1\"><b>\u00a0 \u00a0<a href=\"https:\/\/hajkon.sk\/hu\/klimaberendezesek-beuzemelese-es-szervizelese\/\">WindFree kl\u00edma<\/a> \u2013 mi ez, \u00e9s mi\u00e9rt szeretik?<\/b><\/h2><p class=\"p2\">\u00a0 \u00a0A <b>WindFree kl\u00edma<\/b> l\u00e9nyege, hogy <b>nem f\u00faj r\u00e1d k\u00f6zvetlen\u00fcl hideg leveg\u0151t<\/b>. Ehelyett mikroszkopikus lyukakon kereszt\u00fcl, szinte \u00e9szrev\u00e9tlen\u00fcl \u00e1ramlik ki a h\u0171s leveg\u0151. Olyan \u00e9rz\u00e9s, mintha mag\u00e1t\u00f3l h\u0171lne le a helyis\u00e9g.<\/p><p class=\"p2\"><b>\u00a0 \u00a0Kiknek aj\u00e1nljuk?<\/b><b><\/b><\/p><ul class=\"ul1\"><li class=\"li2\">Gyerekszob\u00e1ba<\/li><li class=\"li2\">H\u00e1l\u00f3szob\u00e1ba<\/li><li class=\"li2\">Akik \u00e9rz\u00e9kenyek a k\u00f6zvetlen l\u00e9g\u00e1ramra<\/li><li class=\"li2\">Kiskedvenc tart\u00f3knak<\/li><\/ul>\t\t\t\t\t\t\t\t<\/div>\n\t\t\t\t<div class=\"elementor-element elementor-element-d379b55 elementor-widget elementor-widget-text-editor\" data-id=\"d379b55\" data-element_type=\"widget\" data-widget_type=\"text-editor.default\">\n\t\t\t\t\t\t\t\t\t<h2>\u00a0<\/h2><h2 class=\"p1\"><b>\u00a0 \u00a0Kl\u00edma <a href=\"https:\/\/hajkon.sk\/hu\/klimaberendezesek-beuzemelese-es-szervizelese\/\">kedvez\u0151 \u00e1ron<\/a>?<\/b><\/h2><p class=\"p2\">\u00a0 \u00a0A <b>kl\u00edmav\u00e1laszt\u00e1s<\/b> sor\u00e1n k\u00f6nnyen bele lehet futni olcs\u00f3bb, de kev\u00e9sb\u00e9 megb\u00edzhat\u00f3 modellekbe. <b>Mi Kom\u00e1romt\u00f3l-Pozsonyig<\/b> csak olyan kl\u00edm\u00e1kat aj\u00e1nlunk, amelyek <b>\u00e9vekig, megb\u00edzhat\u00f3an dolgoznak<\/b>, \u00e9s szervizh\u00e1tt\u00e9rrel is rendelkeznek.<\/p><p class=\"p2\">\u00a0 \u00a0R\u00e1ad\u00e1sul a <b><a href=\"https:\/\/hajkon.sk\/hu\/klimaberendezesek-beuzemelese-es-szervizelese\/\">kl\u00edmaszerel\u00e9s<\/a> Kom\u00e1rom, P\u00e1rk\u00e1ny, Dunaszerdahely, \u00c9rsek\u00fajv\u00e1r \u00e9s Pozsony<\/b> t\u00e9rs\u00e9g\u00e9ben n\u00e1lunk <b>garanci\u00e1val<\/b>, szakszer\u0171en t\u00f6rt\u00e9nik.<\/p><h2>\u00a0<\/h2><h2 class=\"p1\"><b>\u00a0 \u00a0\u00c9s a karbantart\u00e1s?<\/b><\/h2><p class=\"p2\">\u00a0 \u00a0Sokan megfeledkeznek r\u00f3la, de <b>\u00e9vente legal\u00e1bb egyszer alapos <a href=\"https:\/\/hajkon.sk\/hu\/klimaberendezesek-beuzemelese-es-szervizelese\/\">kl\u00edmatiszt\u00edt\u00e1s<\/a><\/b> sz\u00fcks\u00e9ges! Mi\u00e9rt?<\/p><ul class=\"ul1\"><li class=\"li2\">A <b>h\u0151cser\u00e9l\u0151 belsej\u00e9ben por \u00e9s pen\u00e9sz<\/b> telepedhet meg.<\/li><li class=\"li2\">Ez <b>rossz szagokat<\/b>, <b>eg\u00e9szs\u00e9g\u00fcgyi probl\u00e9m\u00e1kat<\/b> okozhat.<\/li><li class=\"li2\">\u00c9s rontja a kl\u00edma hat\u00e9konys\u00e1g\u00e1t is.<\/li><\/ul><p class=\"p2\">\u00a0 \u00a0Mi <a href=\"https:\/\/hajkon.sk\/hu\/klimaberendezesek-beuzemelese-es-szervizelese\/\"><b>kl\u00edmatiszt\u00edt\u00e1st<\/b><\/a> is v\u00e1llalunk \u2013 hogy ne csak k\u00e9nyelmes, hanem eg\u00e9szs\u00e9ges is legyen otthonod leveg\u0151je.<\/p><h2 class=\"p1\"><b>\u00a0 \u00a0Gyakran Ism\u00e9telt K\u00e9rd\u00e9sek:<\/b><\/h2><p class=\"p4\"><b>\u00a0 \u00a0Milyen teljes\u00edtm\u00e9ny\u0171 kl\u00edm\u00e1t v\u00e1lasszak egy 20 m\u00b2-es szob\u00e1ba?<br \/><\/b>Kb. <b>2 kW<\/b> h\u0171t\u0151teljes\u00edtm\u00e9ny\u0171 kl\u00edma az ide\u00e1lis, de figyelembe kell venni a szigetel\u00e9st, ablakfel\u00fcletet \u00e9s a szoba t\u00e1jol\u00e1s\u00e1t is.<\/p><p class=\"p4\"><b>\u00a0 \u00a0Mi az <a href=\"https:\/\/hajkon.sk\/hu\/klimaberendezesek-beuzemelese-es-szervizelese\/\">inverteres kl\u00edma<\/a> el\u0151nye?<br \/><\/b><b>Energiatakar\u00e9kos<\/b>, <b>halk<\/b>, \u00e9s <b>egyens\u00falyban tartja a h\u0151m\u00e9rs\u00e9kletet<\/b> an\u00e9lk\u00fcl, hogy folyamatosan ki-be kapcsolna.<\/p><p class=\"p4\"><b>\u00a0 \u00a0Mi\u00e9rt \u00e9rdemes <a href=\"https:\/\/hajkon.sk\/hu\/klimaberendezesek-beuzemelese-es-szervizelese\/\">windfree kl\u00edm\u00e1t<\/a> v\u00e1lasztani?<br \/><\/b>Mert <b>l\u00e1gyan, huzatmentesen h\u0171t<\/b>, \u00edgy ide\u00e1lis \u00e9rz\u00e9kenyebb emberek, gyerekek sz\u00e1m\u00e1ra is.<\/p><p class=\"p4\"><b>\u00a0 \u00a0Mi\u00e9rt fontos a <a href=\"https:\/\/hajkon.sk\/hu\/klimaberendezesek-beuzemelese-es-szervizelese\/\">kl\u00edma karbantart\u00e1sa<\/a>?<br \/><\/b>Mert a <b>belsej\u00e9ben lerak\u00f3d\u00f3 por \u00e9s pen\u00e9sz<\/b> rontja a teljes\u00edtm\u00e9nyt \u00e9s vesz\u00e9lyezteti az eg\u00e9szs\u00e9get. <b>\u00c9ves tiszt\u00edt\u00e1s<\/b> javasolt.<\/p><p class=\"p4\"><b>\u00a0 \u00a0Mennyibe ker\u00fcl a <a href=\"https:\/\/hajkon.sk\/hu\/klimaberendezesek-beuzemelese-es-szervizelese\/\">kl\u00edmaszerel\u00e9s Kom\u00e1rom<\/a> vagy <a href=\"https:\/\/hajkon.sk\/hu\/klimaberendezesek-beuzemelese-es-szervizelese\/\">Pozsony<\/a> k\u00f6rny\u00e9k\u00e9n?<br \/><\/b>Ez f\u00fcgg a kl\u00edma t\u00edpus\u00e1t\u00f3l, a helysz\u00edni adotts\u00e1gokt\u00f3l. <b>A\u00a0<a href=\"https:\/\/hajkon.sk\/hu\/elerhetosegunk\/\">HajkON<\/a> -n\u00e1l m\u00e1r 800\u20ac -t\u00f3l vannak el\u00e9rhet\u0151 kl\u00edm\u00e1k, szerel\u00e9ssel \u00e9s graanci\u00e1val egy\u00fctt.<\/b><b><\/b><\/p><h4>\u00a0<\/h4><h4 class=\"p2\" style=\"text-align: center;\"><b>Keress minket bizalommal, ha <a href=\"https:\/\/hajkon.sk\/hu\/elerhetosegunk\/\">profi kl\u00edmaszerel\u0151t keresel<\/a> Kom\u00e1rom, P\u00e1rk\u00e1ny, Pozsony \u00e9s k\u00f6rny\u00e9k\u00e9n!<\/b><b><\/b><\/h4><h4 class=\"p2\" style=\"text-align: center;\"><b>Tan\u00e1csad\u00e1s \u2013 Szerel\u00e9s \u2013 Karbantart\u00e1s<\/b> egy helyen.<\/h4><h4 class=\"p2\" style=\"text-align: center;\"><b><a href=\"https:\/\/hajkon.sk\/hu\/elerhetosegunk\/\">HajkON<\/a> \u2013 Ahol a szak\u00e9rtelem \u00e9s a megb\u00edzhat\u00f3s\u00e1g tal\u00e1lkozik!<\/b><b><\/b><\/h4><h3>\u00a0<\/h3><h3 class=\"p1\"><span class=\"s1\">\u00a0 \u00a0Mi\u00e9rt v\u00e1lassz minket?<\/span><\/h3><p class=\"p1\">\u00a0 \u00a0 \u00a0Tudjuk, hogy a\u00a0megfelel\u0151 villanyszerel\u0151 kiv\u00e1laszt\u00e1sa nem k\u00f6nny\u0171 feladat. \u00c9ppen ez\u00e9rt c\u00e9lunk, hogy ne csak professzion\u00e1lis szolg\u00e1ltat\u00e1st ny\u00fajtsunk, hanem bizalmat is \u00e9p\u00edts\u00fcnk \u00fcgyfeleink fel\u00e9. \u00cdme n\u00e9h\u00e1ny ok, ami\u00e9rt \u00e9rdemes minket v\u00e1lasztanod:<\/p><p class=\"p1\"><strong>\u00a0 \u2013 T\u00f6bb mint 10 \u00e9v\u00a0tapasztalat:<\/strong>\u00a0Az \u00e9vek sor\u00e1n sz\u00e1mtalan projektben vett\u00fcnk r\u00e9szt, a\u00a0lakoss\u00e1gi kisebb munk\u00e1kt\u00f3l az ipari m\u00e9ret\u0171 telep\u00edt\u00e9sekig. J\u00f3l ismerj\u00fck\u00a0Kom\u00e1rom \u00e9s\u00a0k\u00f6rny\u00e9ke elektromos h\u00e1l\u00f3zatait, \u00edgy gyorsan \u00e9s\u00a0prec\u00edzen dolgozunk.<br \/><strong>\u00a0 \u2013 Enged\u00e9lyezett villanyszerel\u0151:<\/strong>\u00a0Kom\u00e1romban: Az \u00f6sszes sz\u00fcks\u00e9ges enged\u00e9llyel rendelkez\u00fcnk, \u00edgy biztos lehetsz benne, hogy a\u00a0munka szakszer\u0171en \u00e9s\u00a0biztons\u00e1gosan t\u00f6rt\u00e9nik.<br \/><strong>\u00a0 \u2013 Szem\u00e9lyre szabott megold\u00e1sok:<\/strong>\u00a0Nem l\u00e9tezik k\u00e9t egyforma \u00fcgyf\u00e9l, \u00e9ppen ez\u00e9rt mindig az egy\u00e9ni ig\u00e9nyeket vessz\u00fck\u00a0figyelembe. Legyen sz\u00f3 ak\u00e1r egy egyszer\u0171 konnektor cser\u00e9r\u0151l, vagy egy teljes elektromos h\u00e1l\u00f3zat ki\u00e9p\u00edt\u00e9s\u00e9r\u0151l, r\u00e1nk sz\u00e1m\u00edthatsz.<br \/><strong>\u00a0 \u2013 Garancia \u00e9s\u00a0min\u0151s\u00e9gbiztos\u00edt\u00e1s:<\/strong>\u00a0Nemcsak elv\u00e9gezz\u00fck\u00a0a\u00a0munk\u00e1t, hanem biztos\u00edtjuk is, hogy hossz\u00fa t\u00e1von is megb\u00edzhat\u00f3 legyen. Minden munk\u00e1nk ut\u00e1n garanci\u00e1t v\u00e1llalunk, \u00edgy nyugodtan r\u00e1nk b\u00edzhatod otthonod vagy v\u00e1llalkoz\u00e1sod elektromos rendszer\u00e9t.<br \/><strong>\u00a0 \u2013 Gyors \u00e9s\u00a0megb\u00edzhat\u00f3 szolg\u00e1ltat\u00e1s:<\/strong>\u00a0S\u00fcrg\u0151s\u00a0probl\u00e9m\u00e1d van? H\u00edvj minket bizalommal! Ak\u00e1r azonnali hibaelh\u00e1r\u00edt\u00e1st is v\u00e1llalunk, \u00edgy nem kell napokat v\u00e1rnod a\u00a0jav\u00edt\u00e1sra.<\/p><h3>\u00a0<\/h3><h3 class=\"p1\">\u00a0 Szolg\u00e1ltat\u00e1saink:<\/h3><p class=\"p1\">\u00a0 A\u00a0lakoss\u00e1gi \u00e9s\u00a0ipari villanyszerel\u00e9s\u00a0ter\u00fclet\u00e9n sz\u00e9lesk\u00f6r\u0171 szolg\u00e1ltat\u00e1sokat k\u00edn\u00e1lunk Kom\u00e1romban \u00e9s\u00a0k\u00f6rny\u00e9k\u00e9n:<\/p><ul><li class=\"p1\"><strong>Elektromos<\/strong>\u00a0h\u00e1l\u00f3zat ki\u00e9p\u00edt\u00e9se \u00e9s fel\u00faj\u00edt\u00e1sa<\/li><li class=\"p1\"><strong>Konnektorok<\/strong>\u00a0biztos\u00edt\u00e9kt\u00e1bl\u00e1k \u00e9s villanykapcsol\u00f3k cser\u00e9je<\/li><li class=\"p1\"><strong>Biztons\u00e1gi<\/strong>\u00a0vil\u00e1g\u00edt\u00e1s telep\u00edt\u00e9se<\/li><li class=\"p1\"><strong>T\u00falfesz\u00fclts\u00e9g<\/strong>-v\u00e9delem \u00e9s \u00e9rint\u00e9sv\u00e9delmi fel\u00fclvizsg\u00e1lat<\/li><li class=\"p1\"><strong>Gyors hibajav\u00edt\u00e1s<\/strong>\u00a0\u00e9s s\u00fcrg\u0151ss\u00e9gi villanyszerel\u00e9s<\/li><\/ul><p class=\"p1\">\u00a0 Mindegyik munk\u00e1nkat a\u00a0legmagasabb szakmai sz\u00ednvonalon v\u00e9gezz\u00fck, legyen sz\u00f3 ak\u00e1r kisebb lakoss\u00e1gi jav\u00edt\u00e1sokr\u00f3l, ak\u00e1r nagyobb ipari telep\u00edt\u00e9sekr\u0151l.<\/p><h3>\u00a0<\/h3><h3 class=\"p1\"><a href=\"https:\/\/hajkon.sk\/hu\/elerhetosegunk\/\"><b>\u00a0 L\u00e9pj kapcsolatba vel\u00fcnk!<\/b><\/a><\/h3><p class=\"p1\"><strong>\u00a0 Ha meguntad a\u00a0kellemetlen meglepet\u00e9seket \u00e9s\u00a0val\u00f3ban megb\u00edzhat\u00f3 villanyszerel\u0151t keresel, ne habozz kapcsolatba l\u00e9pni vel\u00fcnk. Ak\u00e1r egy kis projektre van sz\u00fcks\u00e9ged, ak\u00e1r ipari munk\u00e1latokat v\u00e9gezn\u00e9l, mi k\u00e9szen \u00e1llunk seg\u00edteni.<\/strong><\/p><p><strong>\u00a0 \ud83d\udcde Telefon:\u00a0<a href=\"call:+421902186990\">+421 902 186 990<\/a><br \/><\/strong><strong>\u00a0 \ud83d\udce7 E-mail:\u00a0<a href=\"mailto:hajkon@hajkon.sk\">hajkon@hajkon.sk<\/a><br \/><\/strong><strong>\u00a0 \ud83c\udf10 Weboldal:\u00a0<a href=\"http:\/\/www.hajkon.sk\/\">www.hajkon.sk<\/a><\/strong><\/p><p><strong>\u00a0<\/strong><\/p><h3><strong>Csak egy ingyenes konzult\u00e1ci\u00f3 v\u00e1laszt el att\u00f3l, hogy v\u00e9gre megtapasztald, milyen egy igaz\u00e1n professzion\u00e1lis villanyszerel\u0151 csapattal dolgozni. Tudj meg t\u00f6bbet, \u00e9s\u00a0<a href=\"https:\/\/hajkon.sk\/hu\/elerhetosegunk\/\">k\u00e9rj aj\u00e1nlatot<\/a>\u00a0m\u00e9g ma!<\/strong><\/h3>\t\t\t\t\t\t\t\t<\/div>\n\t\t\t\t\t<\/div>\n\t\t\t\t<\/div>\n\t\t\t\t<\/div>\n\t\t","protected":false},"excerpt":{"rendered":"<p>\u00a0 \u00a0Hogyan v\u00e1lassz kl\u00edm\u00e1t? Kint tombol a ny\u00e1r, bent viszont kellemes, h\u0171v\u00f6s leveg\u0151 kering \u2013 \u00edgy n\u00e9zne ki az ide\u00e1lis otthon. De ehhez el\u0151sz\u00f6r meg kell tal\u00e1lni a t\u00f6k\u00e9letes kl\u00edm\u00e1t. Mi, a HajkON villanyszerel\u0151 csapata nap mint nap tal\u00e1lkozunk olyan k\u00e9rd\u00e9sekkel, hogy hogyan v\u00e1lasszak kl\u00edm\u00e1t? Milyen legyen? WindFree kl\u00edma? Inverteres? \u00c9s mi\u00e9rt nem j\u00f3, ha [&hellip;]<\/p>\n","protected":false},"author":4,"featured_media":3818,"comment_status":"open","ping_status":"open","sticky":false,"template":"","format":"standard","meta":{"footnotes":""},"categories":[32],"tags":[49,50],"class_list":["post-4130","post","type-post","status-publish","format-standard","has-post-thumbnail","hentry","category-legkondicionalok","tag-legkondicionalo","tag-windfree-hu"],"_links":{"self":[{"href":"https:\/\/hajkon.sk\/hu\/wp-json\/wp\/v2\/posts\/4130","targetHints":{"allow":["GET"]}}],"collection":[{"href":"https:\/\/hajkon.sk\/hu\/wp-json\/wp\/v2\/posts"}],"about":[{"href":"https:\/\/hajkon.sk\/hu\/wp-json\/wp\/v2\/types\/post"}],"author":[{"embeddable":true,"href":"https:\/\/hajkon.sk\/hu\/wp-json\/wp\/v2\/users\/4"}],"replies":[{"embeddable":true,"href":"https:\/\/hajkon.sk\/hu\/wp-json\/wp\/v2\/comments?post=4130"}],"version-history":[{"count":1,"href":"https:\/\/hajkon.sk\/hu\/wp-json\/wp\/v2\/posts\/4130\/revisions"}],"predecessor-version":[{"id":4257,"href":"https:\/\/hajkon.sk\/hu\/wp-json\/wp\/v2\/posts\/4130\/revisions\/4257"}],"wp:featuredmedia":[{"embeddable":true,"href":"https:\/\/hajkon.sk\/hu\/wp-json\/wp\/v2\/media\/3818"}],"wp:attachment":[{"href":"https:\/\/hajkon.sk\/hu\/wp-json\/wp\/v2\/media?parent=4130"}],"wp:term":[{"taxonomy":"category","embeddable":true,"href":"https:\/\/hajkon.sk\/hu\/wp-json\/wp\/v2\/categories?post=4130"},{"taxonomy":"post_tag","embeddable":true,"href":"https:\/\/hajkon.sk\/hu\/wp-json\/wp\/v2\/tags?post=4130"}],"curies":[{"name":"wp","href":"https:\/\/api.w.org\/{rel}","templated":true}]}}